{"id":24959,"date":"2023-10-04T05:39:47","date_gmt":"2023-10-04T05:39:47","guid":{"rendered":"https:\/\/www.obec-nesuchyne.cz\/?p=24959"},"modified":"2024-12-17T05:37:33","modified_gmt":"2024-12-17T05:37:33","slug":"uzavirka-komunikaci-z-duvodu-vystavby-kanalizace","status":"publish","type":"post","link":"https:\/\/www.obec-nesuchyne.cz\/?p=24959","title":{"rendered":"Uzav\u00edrka komunikac\u00ed z d\u016fvodu v\u00fdstavby kanalizace."},"content":{"rendered":"<p style=\"text-align: center;\">Pro zv\u011bt\u0161en\u00ed klikn\u011bte na obr\u00e1zek.<\/p>\n<p><a href=\"http:\/\/www.obec-nesuchyne.cz\/wp-content\/uploads\/2023\/10\/uzavirkaNesucyne.jpg\"><img loading=\"lazy\" decoding=\"async\" class=\"aligncenter size-full wp-image-24969\" src=\"http:\/\/www.obec-nesuchyne.cz\/wp-content\/uploads\/2023\/10\/uzavirkaNesucyne.jpg\" alt=\"\" width=\"773\" height=\"632\" srcset=\"https:\/\/www.obec-nesuchyne.cz\/wp-content\/uploads\/2023\/10\/uzavirkaNesucyne.jpg 773w, https:\/\/www.obec-nesuchyne.cz\/wp-content\/uploads\/2023\/10\/uzavirkaNesucyne-300x245.jpg 300w, https:\/\/www.obec-nesuchyne.cz\/wp-content\/uploads\/2023\/10\/uzavirkaNesucyne-768x628.jpg 768w, https:\/\/www.obec-nesuchyne.cz\/wp-content\/uploads\/2023\/10\/uzavirkaNesucyne-465x380.jpg 465w, https:\/\/www.obec-nesuchyne.cz\/wp-content\/uploads\/2023\/10\/uzavirkaNesucyne-612x500.jpg 612w\" sizes=\"auto, (max-width: 773px) 100vw, 773px\" \/><\/a><\/p>\n<p style=\"text-align: center;font-size:12px;\">Dal\u0161\u00ed dokumenty t\u00fdkaj\u00edc\u00ed se v\u00fdstavby kanalizace v obci naleznete na str\u00e1nce <a href=\"https:\/\/www.obec-nesuchyne.cz\/?page_id=24971\">V\u00fdstavba kanalizace&nbsp;<\/a> ( klikn\u011bte na odkaz nebo vyberte: Obecn\u00ed \u00fa\u0159ad &#8211; V\u00fdstavba kanalizace).<\/p>\n","protected":false},"excerpt":{"rendered":"<p>Pro zv\u011bt\u0161en\u00ed klikn\u011bte na obr\u00e1zek. Dal\u0161\u00ed dokumenty t\u00fdkaj\u00edc\u00ed se v\u00fdstavby kanalizace v obci naleznete na str\u00e1nce V\u00fdstavba kanalizace&nbsp; ( klikn\u011bte na odkaz nebo vyberte: Obecn\u00ed \u00fa\u0159ad &#8211; V\u00fdstavba kanalizace).<span class=\"more-link\"><a href=\"https:\/\/www.obec-nesuchyne.cz\/?p=24959\">Zobrazit<\/a><\/span><\/p>\n","protected":false},"author":2,"featured_media":0,"comment_status":"closed","ping_status":"closed","sticky":false,"template":"","format":"standard","meta":{"ngg_post_thumbnail":0,"footnotes":""},"categories":[28],"tags":[],"class_list":["entry","author-nehasil","post-24959","post","type-post","status-publish","format-standard","category-eexpirovane"],"publishpress_future_action":{"enabled":false,"date":"2026-04-30 00:00:00","action":"change-status","newStatus":"draft","terms":[],"taxonomy":"post_tag","extraData":[]},"publishpress_future_workflow_manual_trigger":{"enabledWorkflows":[]},"_links":{"self":[{"href":"https:\/\/www.obec-nesuchyne.cz\/index.php?rest_route=\/wp\/v2\/posts\/24959","targetHints":{"allow":["GET"]}}],"collection":[{"href":"https:\/\/www.obec-nesuchyne.cz\/index.php?rest_route=\/wp\/v2\/posts"}],"about":[{"href":"https:\/\/www.obec-nesuchyne.cz\/index.php?rest_route=\/wp\/v2\/types\/post"}],"author":[{"embeddable":true,"href":"https:\/\/www.obec-nesuchyne.cz\/index.php?rest_route=\/wp\/v2\/users\/2"}],"replies":[{"embeddable":true,"href":"https:\/\/www.obec-nesuchyne.cz\/index.php?rest_route=%2Fwp%2Fv2%2Fcomments&post=24959"}],"version-history":[{"count":13,"href":"https:\/\/www.obec-nesuchyne.cz\/index.php?rest_route=\/wp\/v2\/posts\/24959\/revisions"}],"predecessor-version":[{"id":24988,"href":"https:\/\/www.obec-nesuchyne.cz\/index.php?rest_route=\/wp\/v2\/posts\/24959\/revisions\/24988"}],"wp:attachment":[{"href":"https:\/\/www.obec-nesuchyne.cz\/index.php?rest_route=%2Fwp%2Fv2%2Fmedia&parent=24959"}],"wp:term":[{"taxonomy":"category","embeddable":true,"href":"https:\/\/www.obec-nesuchyne.cz\/index.php?rest_route=%2Fwp%2Fv2%2Fcategories&post=24959"},{"taxonomy":"post_tag","embeddable":true,"href":"https:\/\/www.obec-nesuchyne.cz\/index.php?rest_route=%2Fwp%2Fv2%2Ftags&post=24959"}],"curies":[{"name":"wp","href":"https:\/\/api.w.org\/{rel}","templated":true}]}}