{"id":24212,"date":"2022-10-17T13:57:39","date_gmt":"2022-10-17T13:57:39","guid":{"rendered":"https:\/\/www.obec-nesuchyne.cz\/?p=24212"},"modified":"2022-10-17T13:57:39","modified_gmt":"2022-10-17T13:57:39","slug":"verejna-vyhlaska-oznameni-o-zahajeni-stavebniho-rizeni-d6-horesedly-prelozka","status":"publish","type":"post","link":"https:\/\/www.obec-nesuchyne.cz\/?p=24212","title":{"rendered":"Ve\u0159ejn\u00e1 vyhl\u00e1\u0161ka &#8211; ozn\u00e1men\u00ed o zah\u00e1jen\u00ed stavebn\u00edho \u0159\u00edzen\u00ed &#8211; &#8220; D6 &#8211; Ho\u0159esedly, p\u0159elo\u017eka&#8220;"},"content":{"rendered":"<a href=\"https:\/\/www.obec-nesuchyne.cz\/wp-content\/uploads\/2022\/10\/priloha_1094380103_0_SPR_56_Verejna_vyhlaska_Oznameni_o_zahajeni_rizeni_v_rezimu_ust._4c_LZ_MD_8850_2022_930_5_2022_10_4.pdf\" class=\"pdfemb-viewer\" style=\"\" data-width=\"max\" data-height=\"max\" data-toolbar=\"both\" data-toolbar-fixed=\"on\">priloha_1094380103_0_SPR_56_Ve\u0159ejn\u00e1_vyhl\u00e1\u0161ka_Ozn\u00e1men\u00ed_o_zah\u00e1jen\u00ed_\u0159\u00edzen\u00ed_v_re\u017eimu_ust._4c_LZ_MD_8850_2022_930_5_2022_10_4<\/a>\n","protected":false},"excerpt":{"rendered":"<p><span class=\"more-link\"><a href=\"https:\/\/www.obec-nesuchyne.cz\/?p=24212\">Zobrazit<\/a><\/span><\/p>\n","protected":false},"author":6,"featured_media":0,"comment_status":"closed","ping_status":"closed","sticky":false,"template":"","format":"standard","meta":{"ngg_post_thumbnail":0,"footnotes":""},"categories":[13],"tags":[],"class_list":["entry","author-jirka","post-24212","post","type-post","status-publish","format-standard","category-oznameni"],"publishpress_future_action":{"enabled":false,"date":"2026-04-30 00:00:00","action":"change-status","newStatus":"draft","terms":[],"taxonomy":"post_tag","extraData":[]},"publishpress_future_workflow_manual_trigger":{"enabledWorkflows":[]},"_links":{"self":[{"href":"https:\/\/www.obec-nesuchyne.cz\/index.php?rest_route=\/wp\/v2\/posts\/24212","targetHints":{"allow":["GET"]}}],"collection":[{"href":"https:\/\/www.obec-nesuchyne.cz\/index.php?rest_route=\/wp\/v2\/posts"}],"about":[{"href":"https:\/\/www.obec-nesuchyne.cz\/index.php?rest_route=\/wp\/v2\/types\/post"}],"author":[{"embeddable":true,"href":"https:\/\/www.obec-nesuchyne.cz\/index.php?rest_route=\/wp\/v2\/users\/6"}],"replies":[{"embeddable":true,"href":"https:\/\/www.obec-nesuchyne.cz\/index.php?rest_route=%2Fwp%2Fv2%2Fcomments&post=24212"}],"version-history":[{"count":1,"href":"https:\/\/www.obec-nesuchyne.cz\/index.php?rest_route=\/wp\/v2\/posts\/24212\/revisions"}],"predecessor-version":[{"id":24214,"href":"https:\/\/www.obec-nesuchyne.cz\/index.php?rest_route=\/wp\/v2\/posts\/24212\/revisions\/24214"}],"wp:attachment":[{"href":"https:\/\/www.obec-nesuchyne.cz\/index.php?rest_route=%2Fwp%2Fv2%2Fmedia&parent=24212"}],"wp:term":[{"taxonomy":"category","embeddable":true,"href":"https:\/\/www.obec-nesuchyne.cz\/index.php?rest_route=%2Fwp%2Fv2%2Fcategories&post=24212"},{"taxonomy":"post_tag","embeddable":true,"href":"https:\/\/www.obec-nesuchyne.cz\/index.php?rest_route=%2Fwp%2Fv2%2Ftags&post=24212"}],"curies":[{"name":"wp","href":"https:\/\/api.w.org\/{rel}","templated":true}]}}