{"id":14492,"date":"2022-07-25T12:49:23","date_gmt":"2022-07-25T12:49:23","guid":{"rendered":"https:\/\/www.nesuchyne.cz\/?p=14492"},"modified":"2022-07-30T02:04:51","modified_gmt":"2022-07-30T02:04:51","slug":"verejne-zasedani","status":"publish","type":"post","link":"https:\/\/www.obec-nesuchyne.cz\/?p=14492","title":{"rendered":"Ve\u0159ejn\u00e9 zased\u00e1n\u00ed"},"content":{"rendered":"<p>zastupitelstva obce Nesuchyn\u011b, se kon\u00e1 v p\u00e1tek 29.7. v 17:00 hodin v budov\u011b obecn\u00edho \u00fa\u0159adu.<br \/>\n<a href=\"https:\/\/www.obec-nesuchyne.cz\/wp-content\/uploads\/2022\/07\/Verejne-zasedani.pdf\" class=\"pdfemb-viewer\" style=\"\" data-width=\"max\" data-height=\"max\" data-toolbar=\"both\" data-toolbar-fixed=\"on\">Ve\u0159ejn\u00e9-zased\u00e1n\u00ed<\/a><\/p>\n","protected":false},"excerpt":{"rendered":"<p>zastupitelstva obce Nesuchyn\u011b, se kon\u00e1 v p\u00e1tek 29.7. v 17:00 hodin v budov\u011b obecn\u00edho \u00fa\u0159adu.<span class=\"more-link\"><a href=\"https:\/\/www.obec-nesuchyne.cz\/?p=14492\">Zobrazit<\/a><\/span><\/p>\n","protected":false},"author":7,"featured_media":0,"comment_status":"closed","ping_status":"closed","sticky":false,"template":"","format":"standard","meta":{"ngg_post_thumbnail":0,"footnotes":""},"categories":[28],"tags":[],"class_list":["entry","author-hanka","post-14492","post","type-post","status-publish","format-standard","category-eexpirovane"],"publishpress_future_action":{"enabled":false,"date":"2026-04-30 00:00:00","action":"change-status","newStatus":"draft","terms":[],"taxonomy":"post_tag","extraData":[]},"publishpress_future_workflow_manual_trigger":{"enabledWorkflows":[]},"_links":{"self":[{"href":"https:\/\/www.obec-nesuchyne.cz\/index.php?rest_route=\/wp\/v2\/posts\/14492","targetHints":{"allow":["GET"]}}],"collection":[{"href":"https:\/\/www.obec-nesuchyne.cz\/index.php?rest_route=\/wp\/v2\/posts"}],"about":[{"href":"https:\/\/www.obec-nesuchyne.cz\/index.php?rest_route=\/wp\/v2\/types\/post"}],"author":[{"embeddable":true,"href":"https:\/\/www.obec-nesuchyne.cz\/index.php?rest_route=\/wp\/v2\/users\/7"}],"replies":[{"embeddable":true,"href":"https:\/\/www.obec-nesuchyne.cz\/index.php?rest_route=%2Fwp%2Fv2%2Fcomments&post=14492"}],"version-history":[{"count":7,"href":"https:\/\/www.obec-nesuchyne.cz\/index.php?rest_route=\/wp\/v2\/posts\/14492\/revisions"}],"predecessor-version":[{"id":23775,"href":"https:\/\/www.obec-nesuchyne.cz\/index.php?rest_route=\/wp\/v2\/posts\/14492\/revisions\/23775"}],"wp:attachment":[{"href":"https:\/\/www.obec-nesuchyne.cz\/index.php?rest_route=%2Fwp%2Fv2%2Fmedia&parent=14492"}],"wp:term":[{"taxonomy":"category","embeddable":true,"href":"https:\/\/www.obec-nesuchyne.cz\/index.php?rest_route=%2Fwp%2Fv2%2Fcategories&post=14492"},{"taxonomy":"post_tag","embeddable":true,"href":"https:\/\/www.obec-nesuchyne.cz\/index.php?rest_route=%2Fwp%2Fv2%2Ftags&post=14492"}],"curies":[{"name":"wp","href":"https:\/\/api.w.org\/{rel}","templated":true}]}}