{"id":13338,"date":"2020-09-23T13:06:53","date_gmt":"2020-09-23T13:06:53","guid":{"rendered":"https:\/\/www.obec-nesuchyne.cz\/?p=13338"},"modified":"2023-03-09T10:15:19","modified_gmt":"2023-03-09T10:15:19","slug":"oznameni-o-zahajeni-stavebniho-rizeni-verejna-vyhlaska-d6-krupa-prelozka","status":"publish","type":"post","link":"https:\/\/www.obec-nesuchyne.cz\/?p=13338","title":{"rendered":"Ozn\u00e1men\u00ed o zah\u00e1jen\u00ed stavebn\u00edho \u0159\u00edzen\u00ed\/ve\u0159ejn\u00e1 vyhl\u00e1\u0161ka- D6 Krup\u00e1-p\u0159elo\u017eka"},"content":{"rendered":"<a href=\"https:\/\/www.obec-nesuchyne.cz\/wp-content\/uploads\/2020\/09\/priloha_822864056_3_3_oznameni_zahajeni_rizeni.pdf\" class=\"pdfemb-viewer\" style=\"\" data-width=\"max\" data-height=\"max\" data-toolbar=\"both\" data-toolbar-fixed=\"on\">priloha_822864056_3_3_oznameni_zahajeni_rizeni<\/a>\n","protected":false},"excerpt":{"rendered":"<p><span class=\"more-link\"><a href=\"https:\/\/www.obec-nesuchyne.cz\/?p=13338\">Zobrazit<\/a><\/span><\/p>\n","protected":false},"author":6,"featured_media":0,"comment_status":"closed","ping_status":"closed","sticky":false,"template":"","format":"standard","meta":{"ngg_post_thumbnail":0,"footnotes":""},"categories":[28],"tags":[],"class_list":["entry","author-jirka","post-13338","post","type-post","status-publish","format-standard","category-eexpirovane"],"publishpress_future_action":{"enabled":false,"date":"2026-04-30 00:00:00","action":"change-status","newStatus":"draft","terms":[],"taxonomy":"post_tag","extraData":[]},"publishpress_future_workflow_manual_trigger":{"enabledWorkflows":[]},"_links":{"self":[{"href":"https:\/\/www.obec-nesuchyne.cz\/index.php?rest_route=\/wp\/v2\/posts\/13338","targetHints":{"allow":["GET"]}}],"collection":[{"href":"https:\/\/www.obec-nesuchyne.cz\/index.php?rest_route=\/wp\/v2\/posts"}],"about":[{"href":"https:\/\/www.obec-nesuchyne.cz\/index.php?rest_route=\/wp\/v2\/types\/post"}],"author":[{"embeddable":true,"href":"https:\/\/www.obec-nesuchyne.cz\/index.php?rest_route=\/wp\/v2\/users\/6"}],"replies":[{"embeddable":true,"href":"https:\/\/www.obec-nesuchyne.cz\/index.php?rest_route=%2Fwp%2Fv2%2Fcomments&post=13338"}],"version-history":[{"count":1,"href":"https:\/\/www.obec-nesuchyne.cz\/index.php?rest_route=\/wp\/v2\/posts\/13338\/revisions"}],"predecessor-version":[{"id":14846,"href":"https:\/\/www.obec-nesuchyne.cz\/index.php?rest_route=\/wp\/v2\/posts\/13338\/revisions\/14846"}],"wp:attachment":[{"href":"https:\/\/www.obec-nesuchyne.cz\/index.php?rest_route=%2Fwp%2Fv2%2Fmedia&parent=13338"}],"wp:term":[{"taxonomy":"category","embeddable":true,"href":"https:\/\/www.obec-nesuchyne.cz\/index.php?rest_route=%2Fwp%2Fv2%2Fcategories&post=13338"},{"taxonomy":"post_tag","embeddable":true,"href":"https:\/\/www.obec-nesuchyne.cz\/index.php?rest_route=%2Fwp%2Fv2%2Ftags&post=13338"}],"curies":[{"name":"wp","href":"https:\/\/api.w.org\/{rel}","templated":true}]}}